{"id":1161,"date":"2026-09-01T14:27:50","date_gmt":"2026-09-01T17:27:50","guid":{"rendered":"https:\/\/nogueiraengel.com.br\/?p=1161"},"modified":"2026-09-01T14:27:51","modified_gmt":"2026-09-01T17:27:51","slug":"o-varejo-em-recuperacao-o-que-a-segunda-rj-das-casas-bahia-revela-sobre-o-setor","status":"publish","type":"post","link":"https:\/\/nogueiraengel.com.br\/en_US\/o-varejo-em-recuperacao-o-que-a-segunda-rj-das-casas-bahia-revela-sobre-o-setor\/","title":{"rendered":"O VAREJO EM RECUPERA\u00c7\u00c3O: O QUE A SEGUNDA RJ DAS CASAS BAHIA REVELA SOBRE O SETOR"},"content":{"rendered":"<p class=\"wp-block-paragraph\">Por Heloisa Nogueira e Pedro Moura<\/p>\n\n\n\n<p class=\"wp-block-paragraph\"><\/p>\n\n\n\n<p class=\"wp-block-paragraph\"><em>Da reestrutura\u00e7\u00e3o extrajudicial \u00e0 recupera\u00e7\u00e3o judicial em dois anos: o padr\u00e3o que se repete nas gigantes do com\u00e9rcio brasileiro.<\/em><\/p>\n\n\n\n<p class=\"wp-block-paragraph\">No domingo, 16 de agosto de 2026, o Grupo Casas Bahia protocolou pedido de recupera\u00e7\u00e3o judicial na 2\u00aa Vara de Fal\u00eancias e Recupera\u00e7\u00f5es Judiciais de S\u00e3o Paulo. A varejista fundada por Samuel Klein, s\u00edmbolo do com\u00e9rcio popular brasileiro havia d\u00e9cadas, declarou passivos de R$ 17,3 bilh\u00f5es, dos quais R$ 1,4 bilh\u00f5es, ou 94,8%, est\u00e3o nas m\u00e3os de credores quirograf\u00e1rios, que significa dizer que s\u00e3o credores com nenhuma garantia real. O pedido chega ap\u00f3s apenas dois anos de a companhia ter homologado uma recupera\u00e7\u00e3o extrajudicial que reestruturou R$ 4,8 bilh\u00f5es em d\u00edvidas.<\/p>\n\n\n\n<p class=\"wp-block-paragraph\"><br>Ao fim do primeiro semestre de 2026, o varejo brasileiro somava 986 empresas em recupera\u00e7\u00e3o judicial, um salto de 20,4% em rela\u00e7\u00e3o ao mesmo per\u00edodo do ano anterior. Para cada 1,4 empresa em recupera\u00e7\u00e3o no setor, existe uma que j\u00e1 teve a fal\u00eancia decretada, hoje, 686 casos.<\/p>\n\n\n\n<p class=\"wp-block-paragraph\"><br>O que estamos vendo n\u00e3o \u00e9 mais uma sucess\u00e3o de crises pontuais, mas um padr\u00e3o estrutural de endividamento que atinge desde redes centen\u00e1rias at\u00e9 varejistas de nicho, e que n\u00f3s como advocacia empresarial especializada explicamos para clientes, credores e investidores a constru\u00e7\u00e3o dessa tempestade.<\/p>\n\n\n\n<p class=\"wp-block-paragraph\"><br>O diagn\u00f3stico t\u00e9cnico da pr\u00f3pria Casas Bahia, exposto na peti\u00e7\u00e3o inicial, resume o que se repete artigo ap\u00f3s artigo nos pedidos de Recupera\u00e7\u00e3o Judicial do setor: juros elevados, restri\u00e7\u00e3o de cr\u00e9dito, aumento do custo financeiro e press\u00e3o sobre o consumo. Com a Selic ainda em patamar restritivo e o endividamento das fam\u00edlias brasileiras batendo recorde hist\u00f3rico, pr\u00f3ximo de 80% dos lares, o varejo de bens dur\u00e1veis \u00e9 o primeiro a sentir o freio de m\u00e3o. Quando a parcela do consumidor fica mais cara e mais escassa, o giro de estoque trava, e o capital de giro das varejistas que historicamente depende de financiamento externo: seca junto.<\/p>\n\n\n\n<p class=\"wp-block-paragraph\"><br>A isso se soma um segundo vetor, menos financeiro e mais estrutural: a transi\u00e7\u00e3o digital incompleta. Redes que mantiveram grande parte da receita presa a opera\u00e7\u00f5es f\u00edsicas, com toda a estrutura de aluguel, folha e log\u00edstica que isso implica, perderam competitividade diante de concorrentes que j\u00e1 operavam com formatos enxutos e marketplace. A pr\u00f3pria Casas Bahia fechou 298 lojas e reduziu quadro de funcion\u00e1rios no mesmo movimento que antecedeu o seu pedido de Recupera\u00e7\u00e3o Judicial.<\/p>\n\n\n\n<p class=\"wp-block-paragraph\"><br>O ponto mais relevante do caso Casas Bahia, sob a \u00f3tica da advocacia de reestrutura\u00e7\u00e3o, n\u00e3o \u00e9 o valor da d\u00edvida, \u00e9 a reincid\u00eancia. A companhia j\u00e1 havia convertido bilh\u00f5es em capital, consolidando a gestora Mapa Capital como acionista controladora e reduzindo drasticamente sua alavancagem financeira. Ainda assim, dois anos depois, voltou \u00e0 Justi\u00e7a. Isso exp\u00f5e uma fragilidade que a recupera\u00e7\u00e3o extrajudicial, por desenho, n\u00e3o resolve: ela renegocia passivo financeiro, mas n\u00e3o necessariamente endere\u00e7a a insufici\u00eancia estrutural de gera\u00e7\u00e3o de caixa operacional ou at\u00e9 mesmo o modelo de neg\u00f3cio que se tornou obsoleto frente \u00e0s novas pr\u00e1ticas de consumo.<\/p>\n\n\n\n<p class=\"wp-block-paragraph\"><br>A li\u00e7\u00e3o para o mercado de cr\u00e9dito e para o pr\u00f3prio Judici\u00e1rio \u00e9 direta: uma reestrutura\u00e7\u00e3o bem-sucedida no papel, d\u00edvida menor, contas mais organizadas ainda assim podem conviver com uma empresa que continua perdendo dinheiro no dia a dia. O caso ecoa outros marcos do varejo brasileiro: a Americanas, que em 2023 protocolou a quarta maior RJ da hist\u00f3ria do pa\u00eds (R$ 43 bilh\u00f5es, atr\u00e1s apenas de Odebrecht, Oi e Samarco) ap\u00f3s revelar inconsist\u00eancias cont\u00e1beis de R$ 20 bilh\u00f5es, tamb\u00e9m segue enfrentando desafios que v\u00e3o al\u00e9m do simples ajuste das d\u00edvidas.<\/p>\n\n\n\n<p class=\"wp-block-paragraph\"><br>Em suma, o caso Casas Bahia amarra os dois fios que abrimos neste texto, e eles n\u00e3o pesam da mesma forma. De um lado, est\u00e1 o que a pr\u00f3pria peti\u00e7\u00e3o inicial relata: juros altos, cr\u00e9dito mais caro e escasso &#8211; fatores externos, que fogem do controle direto da empresa e atingem o setor inteiro. De outro, est\u00e1 a transi\u00e7\u00e3o digital incompleta: um fator interno, uma escolha (ou uma demora) da pr\u00f3pria gest\u00e3o em se adaptar a um jeito novo de vender. \u00c9 a soma dos dois que empurra a empresa para um cl\u00edmax de crise, o externo aperta a margem, o interno tira a capacidade de reagir a esse aperto, e o resultado \u00e9 o mesmo roteiro se repetindo, como j\u00e1 vimos na Americanas. Para quem acompanha o setor, sejam credores, fornecedores ou os pr\u00f3prios empres\u00e1rios, o recado que fica \u00e9 o mesmo: entender a fundo a sa\u00fade real do neg\u00f3cio, n\u00e3o apenas o resultado que aparece no papel.<\/p>\n\n\n\n<p class=\"wp-block-paragraph\">Sources:<\/p>\n\n\n\n<p class=\"wp-block-paragraph\">MIGALHAS. <strong>Ap\u00f3s preju\u00edzo de R$ 10,1 bi, Casas Bahia pede recupera\u00e7\u00e3o judicial<\/strong>. Dispon\u00edvel em: <a href=\"https:\/\/www.migalhas.com.br\/quentes\/462484\/apos-prejuizo-de-r-10-1-bi-casas-bahia-pede-recuperacao-judicial\">https:\/\/www.migalhas.com.br\/quentes\/462484\/apos-prejuizo-de-r-10-1-bi-casas-bahia-pede-recuperacao-judicial<\/a>. Acesso em: 20 ago. 2026.<\/p>\n\n\n\n<p class=\"wp-block-paragraph\">INFOMONEY. <strong>Casas Bahia \u00e9 s\u00f3 a ponta do iceberg: 986 varejistas est\u00e3o em recupera\u00e7\u00e3o<\/strong>. Dispon\u00edvel em: <a href=\"https:\/\/www.infomoney.com.br\/business\/casas-bahia-e-so-a-ponta-do-iceberg-986-varejistas-estao-em-recuperacao\/\">https:\/\/www.infomoney.com.br\/business\/casas-bahia-e-so-a-ponta-do-iceberg-986-varejistas-estao-em-recuperacao\/<\/a>. Acesso em: 20 ago. 2026.<\/p>\n\n\n\n<p class=\"wp-block-paragraph\">BRAZIL JOURNAL. <strong>Casas Bahia pede RJ com d\u00edvidas de R$ 17 bilh\u00f5es e negocia DIP de R$ 1 bi<\/strong>. Dispon\u00edvel em: <a href=\"https:\/\/braziljournal.com\/casas-bahia-pede-rj-com-dividas-de-r-17-bilhoes-e-negocia-dip-de-r-1-bi\/\">https:\/\/braziljournal.com\/casas-bahia-pede-rj-com-dividas-de-r-17-bilhoes-e-negocia-dip-de-r-1-bi\/<\/a>. Acesso em: 20 ago. 2026.<\/p>\n\n\n\n<p class=\"wp-block-paragraph\">MONITOR MERCANTIL. <strong>Recupera\u00e7\u00e3o judicial das Casas Bahia exp\u00f5e 3 fragilidades estruturais<\/strong>. Dispon\u00edvel em: <a href=\"https:\/\/monitormercantil.com.br\/casas-bahia-anuncia-pedido-de-recuperacao-judicial\/\">https:\/\/monitormercantil.com.br\/casas-bahia-anuncia-pedido-de-recuperacao-judicial\/<\/a>. Acesso em: 20 ago. 2026.<\/p>","protected":false},"excerpt":{"rendered":"<p>Por Heloisa Nogueira e Pedro Moura Da reestrutura\u00e7\u00e3o extrajudicial \u00e0 recupera\u00e7\u00e3o judicial em dois anos: o padr\u00e3o que se repete nas gigantes do com\u00e9rcio brasileiro. No domingo, 16 de agosto de 2026, o Grupo Casas Bahia protocolou pedido de recupera\u00e7\u00e3o judicial na 2\u00aa Vara de Fal\u00eancias e Recupera\u00e7\u00f5es Judiciais de S\u00e3o Paulo. A varejista fundada [&hellip;]<\/p>\n","protected":false},"author":2,"featured_media":1162,"comment_status":"closed","ping_status":"closed","sticky":false,"template":"","format":"standard","meta":{"nf_dc_page":"","_joinchat":[],"footnotes":""},"categories":[1],"tags":[],"class_list":["post-1161","post","type-post","status-publish","format-standard","has-post-thumbnail","hentry","category-uncategorized"],"yoast_head":"<!-- This site is optimized with the Yoast SEO plugin v28.4 - https:\/\/yoast.com\/product\/yoast-seo-wordpress\/ -->\n<title>O VAREJO EM RECUPERA\u00c7\u00c3O: O QUE A SEGUNDA RJ DAS CASAS BAHIA REVELA SOBRE O SETOR - Nogueira Engel Sociedade de Advogados<\/title>\n<meta name=\"robots\" content=\"index, follow, max-snippet:-1, max-image-preview:large, max-video-preview:-1\" \/>\n<link rel=\"canonical\" href=\"https:\/\/nogueiraengel.com.br\/en_US\/o-varejo-em-recuperacao-o-que-a-segunda-rj-das-casas-bahia-revela-sobre-o-setor\/\" \/>\n<meta property=\"og:locale\" content=\"en_US\" \/>\n<meta property=\"og:type\" content=\"article\" \/>\n<meta property=\"og:title\" content=\"O VAREJO EM RECUPERA\u00c7\u00c3O: O QUE A SEGUNDA RJ DAS CASAS BAHIA REVELA SOBRE O SETOR - Nogueira Engel Sociedade de Advogados\" \/>\n<meta property=\"og:description\" content=\"Por Heloisa Nogueira e Pedro Moura Da reestrutura\u00e7\u00e3o extrajudicial \u00e0 recupera\u00e7\u00e3o judicial em dois anos: o padr\u00e3o que se repete nas gigantes do com\u00e9rcio brasileiro. No domingo, 16 de agosto de 2026, o Grupo Casas Bahia protocolou pedido de recupera\u00e7\u00e3o judicial na 2\u00aa Vara de Fal\u00eancias e Recupera\u00e7\u00f5es Judiciais de S\u00e3o Paulo. A varejista fundada [&hellip;]\" \/>\n<meta property=\"og:url\" content=\"https:\/\/nogueiraengel.com.br\/en_US\/o-varejo-em-recuperacao-o-que-a-segunda-rj-das-casas-bahia-revela-sobre-o-setor\/\" \/>\n<meta property=\"og:site_name\" content=\"Nogueira Engel Sociedade de Advogados\" \/>\n<meta property=\"article:published_time\" content=\"2026-09-01T17:27:50+00:00\" \/>\n<meta property=\"article:modified_time\" content=\"2026-09-01T17:27:51+00:00\" \/>\n<meta property=\"og:image\" content=\"https:\/\/nogueiraengel.com.br\/wp-content\/uploads\/2026\/09\/35-fachada-casas-bahia.jpg.jpg.jpeg\" \/>\n\t<meta property=\"og:image:width\" content=\"1200\" \/>\n\t<meta property=\"og:image:height\" content=\"899\" \/>\n\t<meta property=\"og:image:type\" content=\"image\/jpeg\" \/>\n<meta name=\"author\" content=\"Heloisa Nogueira\" \/>\n<meta name=\"twitter:card\" content=\"summary_large_image\" \/>\n<meta name=\"twitter:label1\" content=\"Written by\" \/>\n\t<meta name=\"twitter:data1\" content=\"Heloisa Nogueira\" \/>\n\t<meta name=\"twitter:label2\" content=\"Est. reading time\" \/>\n\t<meta name=\"twitter:data2\" content=\"5 minutes\" \/>\n<script type=\"application\/ld+json\" class=\"yoast-schema-graph\">{\"@context\":\"https:\\\/\\\/schema.org\",\"@graph\":[{\"@type\":\"Article\",\"@id\":\"https:\\\/\\\/nogueiraengel.com.br\\\/en_US\\\/o-varejo-em-recuperacao-o-que-a-segunda-rj-das-casas-bahia-revela-sobre-o-setor\\\/#article\",\"isPartOf\":{\"@id\":\"https:\\\/\\\/nogueiraengel.com.br\\\/en_US\\\/o-varejo-em-recuperacao-o-que-a-segunda-rj-das-casas-bahia-revela-sobre-o-setor\\\/\"},\"author\":{\"name\":\"Heloisa Nogueira\",\"@id\":\"https:\\\/\\\/nogueiraengel.com.br\\\/en_US\\\/#\\\/schema\\\/person\\\/90b58a82f337958c24ed0b1767c221c0\"},\"headline\":\"O VAREJO EM RECUPERA\u00c7\u00c3O: O QUE A SEGUNDA RJ DAS CASAS BAHIA REVELA SOBRE O SETOR\",\"datePublished\":\"2026-09-01T17:27:50+00:00\",\"dateModified\":\"2026-09-01T17:27:51+00:00\",\"mainEntityOfPage\":{\"@id\":\"https:\\\/\\\/nogueiraengel.com.br\\\/en_US\\\/o-varejo-em-recuperacao-o-que-a-segunda-rj-das-casas-bahia-revela-sobre-o-setor\\\/\"},\"wordCount\":938,\"publisher\":{\"@id\":\"https:\\\/\\\/nogueiraengel.com.br\\\/en_US\\\/#organization\"},\"image\":{\"@id\":\"https:\\\/\\\/nogueiraengel.com.br\\\/en_US\\\/o-varejo-em-recuperacao-o-que-a-segunda-rj-das-casas-bahia-revela-sobre-o-setor\\\/#primaryimage\"},\"thumbnailUrl\":\"https:\\\/\\\/nogueiraengel.com.br\\\/wp-content\\\/uploads\\\/2026\\\/09\\\/35-fachada-casas-bahia.jpg.jpg.jpeg\",\"inLanguage\":\"en-US\"},{\"@type\":\"WebPage\",\"@id\":\"https:\\\/\\\/nogueiraengel.com.br\\\/en_US\\\/o-varejo-em-recuperacao-o-que-a-segunda-rj-das-casas-bahia-revela-sobre-o-setor\\\/\",\"url\":\"https:\\\/\\\/nogueiraengel.com.br\\\/en_US\\\/o-varejo-em-recuperacao-o-que-a-segunda-rj-das-casas-bahia-revela-sobre-o-setor\\\/\",\"name\":\"O VAREJO EM RECUPERA\u00c7\u00c3O: O QUE A SEGUNDA RJ DAS CASAS BAHIA REVELA SOBRE O SETOR - Nogueira Engel Sociedade de Advogados\",\"isPartOf\":{\"@id\":\"https:\\\/\\\/nogueiraengel.com.br\\\/en_US\\\/#website\"},\"primaryImageOfPage\":{\"@id\":\"https:\\\/\\\/nogueiraengel.com.br\\\/en_US\\\/o-varejo-em-recuperacao-o-que-a-segunda-rj-das-casas-bahia-revela-sobre-o-setor\\\/#primaryimage\"},\"image\":{\"@id\":\"https:\\\/\\\/nogueiraengel.com.br\\\/en_US\\\/o-varejo-em-recuperacao-o-que-a-segunda-rj-das-casas-bahia-revela-sobre-o-setor\\\/#primaryimage\"},\"thumbnailUrl\":\"https:\\\/\\\/nogueiraengel.com.br\\\/wp-content\\\/uploads\\\/2026\\\/09\\\/35-fachada-casas-bahia.jpg.jpg.jpeg\",\"datePublished\":\"2026-09-01T17:27:50+00:00\",\"dateModified\":\"2026-09-01T17:27:51+00:00\",\"breadcrumb\":{\"@id\":\"https:\\\/\\\/nogueiraengel.com.br\\\/en_US\\\/o-varejo-em-recuperacao-o-que-a-segunda-rj-das-casas-bahia-revela-sobre-o-setor\\\/#breadcrumb\"},\"inLanguage\":\"en-US\",\"potentialAction\":[{\"@type\":\"ReadAction\",\"target\":[\"https:\\\/\\\/nogueiraengel.com.br\\\/en_US\\\/o-varejo-em-recuperacao-o-que-a-segunda-rj-das-casas-bahia-revela-sobre-o-setor\\\/\"]}]},{\"@type\":\"ImageObject\",\"inLanguage\":\"en-US\",\"@id\":\"https:\\\/\\\/nogueiraengel.com.br\\\/en_US\\\/o-varejo-em-recuperacao-o-que-a-segunda-rj-das-casas-bahia-revela-sobre-o-setor\\\/#primaryimage\",\"url\":\"https:\\\/\\\/nogueiraengel.com.br\\\/wp-content\\\/uploads\\\/2026\\\/09\\\/35-fachada-casas-bahia.jpg.jpg.jpeg\",\"contentUrl\":\"https:\\\/\\\/nogueiraengel.com.br\\\/wp-content\\\/uploads\\\/2026\\\/09\\\/35-fachada-casas-bahia.jpg.jpg.jpeg\",\"width\":1200,\"height\":899},{\"@type\":\"BreadcrumbList\",\"@id\":\"https:\\\/\\\/nogueiraengel.com.br\\\/en_US\\\/o-varejo-em-recuperacao-o-que-a-segunda-rj-das-casas-bahia-revela-sobre-o-setor\\\/#breadcrumb\",\"itemListElement\":[{\"@type\":\"ListItem\",\"position\":1,\"name\":\"Home\",\"item\":\"https:\\\/\\\/nogueiraengel.com.br\\\/en_US\\\/\"},{\"@type\":\"ListItem\",\"position\":2,\"name\":\"O VAREJO EM RECUPERA\u00c7\u00c3O: O QUE A SEGUNDA RJ DAS CASAS BAHIA REVELA SOBRE O SETOR\"}]},{\"@type\":\"WebSite\",\"@id\":\"https:\\\/\\\/nogueiraengel.com.br\\\/en_US\\\/#website\",\"url\":\"https:\\\/\\\/nogueiraengel.com.br\\\/en_US\\\/\",\"name\":\"Nogueira Engel Sociedade de Advogados\",\"description\":\"\",\"publisher\":{\"@id\":\"https:\\\/\\\/nogueiraengel.com.br\\\/en_US\\\/#organization\"},\"potentialAction\":[{\"@type\":\"SearchAction\",\"target\":{\"@type\":\"EntryPoint\",\"urlTemplate\":\"https:\\\/\\\/nogueiraengel.com.br\\\/en_US\\\/?s={search_term_string}\"},\"query-input\":{\"@type\":\"PropertyValueSpecification\",\"valueRequired\":true,\"valueName\":\"search_term_string\"}}],\"inLanguage\":\"en-US\"},{\"@type\":\"Organization\",\"@id\":\"https:\\\/\\\/nogueiraengel.com.br\\\/en_US\\\/#organization\",\"name\":\"Nogueira Engel Sociedade de Advogados\",\"url\":\"https:\\\/\\\/nogueiraengel.com.br\\\/en_US\\\/\",\"logo\":{\"@type\":\"ImageObject\",\"inLanguage\":\"en-US\",\"@id\":\"https:\\\/\\\/nogueiraengel.com.br\\\/en_US\\\/#\\\/schema\\\/logo\\\/image\\\/\",\"url\":\"https:\\\/\\\/nogueiraengel.com.br\\\/wp-content\\\/uploads\\\/2024\\\/07\\\/compartilhamento.jpg\",\"contentUrl\":\"https:\\\/\\\/nogueiraengel.com.br\\\/wp-content\\\/uploads\\\/2024\\\/07\\\/compartilhamento.jpg\",\"width\":1200,\"height\":675,\"caption\":\"Nogueira Engel Sociedade de Advogados\"},\"image\":{\"@id\":\"https:\\\/\\\/nogueiraengel.com.br\\\/en_US\\\/#\\\/schema\\\/logo\\\/image\\\/\"}},{\"@type\":\"Person\",\"@id\":\"https:\\\/\\\/nogueiraengel.com.br\\\/en_US\\\/#\\\/schema\\\/person\\\/90b58a82f337958c24ed0b1767c221c0\",\"name\":\"Heloisa Nogueira\",\"url\":\"https:\\\/\\\/nogueiraengel.com.br\\\/en_US\\\/author\\\/heloisa\\\/\"}]}<\/script>\n<!-- \/ Yoast SEO plugin. -->","yoast_head_json":{"title":"O VAREJO EM RECUPERA\u00c7\u00c3O: O QUE A SEGUNDA RJ DAS CASAS BAHIA REVELA SOBRE O SETOR - Nogueira Engel Sociedade de Advogados","robots":{"index":"index","follow":"follow","max-snippet":"max-snippet:-1","max-image-preview":"max-image-preview:large","max-video-preview":"max-video-preview:-1"},"canonical":"https:\/\/nogueiraengel.com.br\/en_US\/o-varejo-em-recuperacao-o-que-a-segunda-rj-das-casas-bahia-revela-sobre-o-setor\/","og_locale":"en_US","og_type":"article","og_title":"O VAREJO EM RECUPERA\u00c7\u00c3O: O QUE A SEGUNDA RJ DAS CASAS BAHIA REVELA SOBRE O SETOR - Nogueira Engel Sociedade de Advogados","og_description":"Por Heloisa Nogueira e Pedro Moura Da reestrutura\u00e7\u00e3o extrajudicial \u00e0 recupera\u00e7\u00e3o judicial em dois anos: o padr\u00e3o que se repete nas gigantes do com\u00e9rcio brasileiro. No domingo, 16 de agosto de 2026, o Grupo Casas Bahia protocolou pedido de recupera\u00e7\u00e3o judicial na 2\u00aa Vara de Fal\u00eancias e Recupera\u00e7\u00f5es Judiciais de S\u00e3o Paulo. A varejista fundada [&hellip;]","og_url":"https:\/\/nogueiraengel.com.br\/en_US\/o-varejo-em-recuperacao-o-que-a-segunda-rj-das-casas-bahia-revela-sobre-o-setor\/","og_site_name":"Nogueira Engel Sociedade de Advogados","article_published_time":"2026-09-01T17:27:50+00:00","article_modified_time":"2026-09-01T17:27:51+00:00","og_image":[{"width":1200,"height":899,"url":"https:\/\/nogueiraengel.com.br\/wp-content\/uploads\/2026\/09\/35-fachada-casas-bahia.jpg.jpg.jpeg","type":"image\/jpeg"}],"author":"Heloisa Nogueira","twitter_card":"summary_large_image","twitter_misc":{"Written by":"Heloisa Nogueira","Est. reading time":"5 minutes"},"schema":{"@context":"https:\/\/schema.org","@graph":[{"@type":"Article","@id":"https:\/\/nogueiraengel.com.br\/en_US\/o-varejo-em-recuperacao-o-que-a-segunda-rj-das-casas-bahia-revela-sobre-o-setor\/#article","isPartOf":{"@id":"https:\/\/nogueiraengel.com.br\/en_US\/o-varejo-em-recuperacao-o-que-a-segunda-rj-das-casas-bahia-revela-sobre-o-setor\/"},"author":{"name":"Heloisa Nogueira","@id":"https:\/\/nogueiraengel.com.br\/en_US\/#\/schema\/person\/90b58a82f337958c24ed0b1767c221c0"},"headline":"O VAREJO EM RECUPERA\u00c7\u00c3O: O QUE A SEGUNDA RJ DAS CASAS BAHIA REVELA SOBRE O SETOR","datePublished":"2026-09-01T17:27:50+00:00","dateModified":"2026-09-01T17:27:51+00:00","mainEntityOfPage":{"@id":"https:\/\/nogueiraengel.com.br\/en_US\/o-varejo-em-recuperacao-o-que-a-segunda-rj-das-casas-bahia-revela-sobre-o-setor\/"},"wordCount":938,"publisher":{"@id":"https:\/\/nogueiraengel.com.br\/en_US\/#organization"},"image":{"@id":"https:\/\/nogueiraengel.com.br\/en_US\/o-varejo-em-recuperacao-o-que-a-segunda-rj-das-casas-bahia-revela-sobre-o-setor\/#primaryimage"},"thumbnailUrl":"https:\/\/nogueiraengel.com.br\/wp-content\/uploads\/2026\/09\/35-fachada-casas-bahia.jpg.jpg.jpeg","inLanguage":"en-US"},{"@type":"WebPage","@id":"https:\/\/nogueiraengel.com.br\/en_US\/o-varejo-em-recuperacao-o-que-a-segunda-rj-das-casas-bahia-revela-sobre-o-setor\/","url":"https:\/\/nogueiraengel.com.br\/en_US\/o-varejo-em-recuperacao-o-que-a-segunda-rj-das-casas-bahia-revela-sobre-o-setor\/","name":"O VAREJO EM RECUPERA\u00c7\u00c3O: O QUE A SEGUNDA RJ DAS CASAS BAHIA REVELA SOBRE O SETOR - Nogueira Engel Sociedade de Advogados","isPartOf":{"@id":"https:\/\/nogueiraengel.com.br\/en_US\/#website"},"primaryImageOfPage":{"@id":"https:\/\/nogueiraengel.com.br\/en_US\/o-varejo-em-recuperacao-o-que-a-segunda-rj-das-casas-bahia-revela-sobre-o-setor\/#primaryimage"},"image":{"@id":"https:\/\/nogueiraengel.com.br\/en_US\/o-varejo-em-recuperacao-o-que-a-segunda-rj-das-casas-bahia-revela-sobre-o-setor\/#primaryimage"},"thumbnailUrl":"https:\/\/nogueiraengel.com.br\/wp-content\/uploads\/2026\/09\/35-fachada-casas-bahia.jpg.jpg.jpeg","datePublished":"2026-09-01T17:27:50+00:00","dateModified":"2026-09-01T17:27:51+00:00","breadcrumb":{"@id":"https:\/\/nogueiraengel.com.br\/en_US\/o-varejo-em-recuperacao-o-que-a-segunda-rj-das-casas-bahia-revela-sobre-o-setor\/#breadcrumb"},"inLanguage":"en-US","potentialAction":[{"@type":"ReadAction","target":["https:\/\/nogueiraengel.com.br\/en_US\/o-varejo-em-recuperacao-o-que-a-segunda-rj-das-casas-bahia-revela-sobre-o-setor\/"]}]},{"@type":"ImageObject","inLanguage":"en-US","@id":"https:\/\/nogueiraengel.com.br\/en_US\/o-varejo-em-recuperacao-o-que-a-segunda-rj-das-casas-bahia-revela-sobre-o-setor\/#primaryimage","url":"https:\/\/nogueiraengel.com.br\/wp-content\/uploads\/2026\/09\/35-fachada-casas-bahia.jpg.jpg.jpeg","contentUrl":"https:\/\/nogueiraengel.com.br\/wp-content\/uploads\/2026\/09\/35-fachada-casas-bahia.jpg.jpg.jpeg","width":1200,"height":899},{"@type":"BreadcrumbList","@id":"https:\/\/nogueiraengel.com.br\/en_US\/o-varejo-em-recuperacao-o-que-a-segunda-rj-das-casas-bahia-revela-sobre-o-setor\/#breadcrumb","itemListElement":[{"@type":"ListItem","position":1,"name":"Home","item":"https:\/\/nogueiraengel.com.br\/en_US\/"},{"@type":"ListItem","position":2,"name":"O VAREJO EM RECUPERA\u00c7\u00c3O: O QUE A SEGUNDA RJ DAS CASAS BAHIA REVELA SOBRE O SETOR"}]},{"@type":"WebSite","@id":"https:\/\/nogueiraengel.com.br\/en_US\/#website","url":"https:\/\/nogueiraengel.com.br\/en_US\/","name":"Nogueira Engel Sociedade de Advogados","description":"","publisher":{"@id":"https:\/\/nogueiraengel.com.br\/en_US\/#organization"},"potentialAction":[{"@type":"SearchAction","target":{"@type":"EntryPoint","urlTemplate":"https:\/\/nogueiraengel.com.br\/en_US\/?s={search_term_string}"},"query-input":{"@type":"PropertyValueSpecification","valueRequired":true,"valueName":"search_term_string"}}],"inLanguage":"en-US"},{"@type":"Organization","@id":"https:\/\/nogueiraengel.com.br\/en_US\/#organization","name":"Nogueira Engel Sociedade de Advogados","url":"https:\/\/nogueiraengel.com.br\/en_US\/","logo":{"@type":"ImageObject","inLanguage":"en-US","@id":"https:\/\/nogueiraengel.com.br\/en_US\/#\/schema\/logo\/image\/","url":"https:\/\/nogueiraengel.com.br\/wp-content\/uploads\/2024\/07\/compartilhamento.jpg","contentUrl":"https:\/\/nogueiraengel.com.br\/wp-content\/uploads\/2024\/07\/compartilhamento.jpg","width":1200,"height":675,"caption":"Nogueira Engel Sociedade de Advogados"},"image":{"@id":"https:\/\/nogueiraengel.com.br\/en_US\/#\/schema\/logo\/image\/"}},{"@type":"Person","@id":"https:\/\/nogueiraengel.com.br\/en_US\/#\/schema\/person\/90b58a82f337958c24ed0b1767c221c0","name":"Heloisa Nogueira","url":"https:\/\/nogueiraengel.com.br\/en_US\/author\/heloisa\/"}]}},"_links":{"self":[{"href":"https:\/\/nogueiraengel.com.br\/en_US\/wp-json\/wp\/v2\/posts\/1161","targetHints":{"allow":["GET"]}}],"collection":[{"href":"https:\/\/nogueiraengel.com.br\/en_US\/wp-json\/wp\/v2\/posts"}],"about":[{"href":"https:\/\/nogueiraengel.com.br\/en_US\/wp-json\/wp\/v2\/types\/post"}],"author":[{"embeddable":true,"href":"https:\/\/nogueiraengel.com.br\/en_US\/wp-json\/wp\/v2\/users\/2"}],"replies":[{"embeddable":true,"href":"https:\/\/nogueiraengel.com.br\/en_US\/wp-json\/wp\/v2\/comments?post=1161"}],"version-history":[{"count":1,"href":"https:\/\/nogueiraengel.com.br\/en_US\/wp-json\/wp\/v2\/posts\/1161\/revisions"}],"predecessor-version":[{"id":1163,"href":"https:\/\/nogueiraengel.com.br\/en_US\/wp-json\/wp\/v2\/posts\/1161\/revisions\/1163"}],"wp:featuredmedia":[{"embeddable":true,"href":"https:\/\/nogueiraengel.com.br\/en_US\/wp-json\/wp\/v2\/media\/1162"}],"wp:attachment":[{"href":"https:\/\/nogueiraengel.com.br\/en_US\/wp-json\/wp\/v2\/media?parent=1161"}],"wp:term":[{"taxonomy":"category","embeddable":true,"href":"https:\/\/nogueiraengel.com.br\/en_US\/wp-json\/wp\/v2\/categories?post=1161"},{"taxonomy":"post_tag","embeddable":true,"href":"https:\/\/nogueiraengel.com.br\/en_US\/wp-json\/wp\/v2\/tags?post=1161"}],"curies":[{"name":"wp","href":"https:\/\/api.w.org\/{rel}","templated":true}]}}